{"id":5230,"date":"2022-04-09T22:22:39","date_gmt":"2022-04-09T20:22:39","guid":{"rendered":"https:\/\/airpullaviationacademy.com\/?p=5230"},"modified":"2023-02-20T22:05:18","modified_gmt":"2023-02-20T21:05:18","slug":"airpull-aviation-academy-participa-en-varias-ferias-de-formacion-y-empleo","status":"publish","type":"post","link":"https:\/\/airpullaviationacademy.com\/es\/airpull-aviation-academy-participa-en-varias-ferias-de-formacion-y-empleo\/","title":{"rendered":"Airpull Aviation Academy participa en varias ferias de formaci\u00f3n y empleo"},"content":{"rendered":"<p>La semana pasada Airpull Aviation Academy estuvo presente en dos Ferias de Formaci\u00f3n y Empleo en la provincia de Alicante para presentar las posibilidades formativas existentes en la ATO.<\/p>\n<p>Los asistentes a las \u00a0Ferias de Formaci\u00f3n de Elda y Mutxamel acudieron en masa a consultar las dudas a los Pilotos presentes en nuestro stand, siendo las m\u00e1s frecuentes la edad necesaria, los requisitos m\u00e9dicos y el tiempo de duraci\u00f3n del Curso Integrado ATPL(A), sin olvidar por supuesto la consulta del precio y las modalidades de pago del mismo.<\/p>\n<p>A lo largo de los meses de Abril y Mayo Airpull Aviation Academy acudir\u00e1 a m\u00e1s Ferias de Educaci\u00f3n y Empleo a lo largo y ancho de la Comunidad Valenciana.<\/p>\n","protected":false},"excerpt":{"rendered":"<p>La semana pasada Airpull Aviation Academy estuvo presente en dos Ferias de Formaci\u00f3n y Empleo en la provincia de Alicante para presentar las posibilidades formativas existentes en la ATO. Los asistentes a las \u00a0Ferias de Formaci\u00f3n de Elda y Mutxamel acudieron en masa a consultar las dudas a los Pilotos presentes en nuestro stand, siendo [&hellip;]<\/p>\n","protected":false},"author":1,"featured_media":4695,"comment_status":"closed","ping_status":"closed","sticky":false,"template":"","format":"standard","meta":{"footnotes":""},"categories":[2],"tags":[],"class_list":["post-5230","post","type-post","status-publish","format-standard","has-post-thumbnail","hentry","category-sin-categorizar"],"_links":{"self":[{"href":"https:\/\/airpullaviationacademy.com\/es\/wp-json\/wp\/v2\/posts\/5230","targetHints":{"allow":["GET"]}}],"collection":[{"href":"https:\/\/airpullaviationacademy.com\/es\/wp-json\/wp\/v2\/posts"}],"about":[{"href":"https:\/\/airpullaviationacademy.com\/es\/wp-json\/wp\/v2\/types\/post"}],"author":[{"embeddable":true,"href":"https:\/\/airpullaviationacademy.com\/es\/wp-json\/wp\/v2\/users\/1"}],"replies":[{"embeddable":true,"href":"https:\/\/airpullaviationacademy.com\/es\/wp-json\/wp\/v2\/comments?post=5230"}],"version-history":[{"count":0,"href":"https:\/\/airpullaviationacademy.com\/es\/wp-json\/wp\/v2\/posts\/5230\/revisions"}],"wp:featuredmedia":[{"embeddable":true,"href":"https:\/\/airpullaviationacademy.com\/es\/wp-json\/wp\/v2\/media\/4695"}],"wp:attachment":[{"href":"https:\/\/airpullaviationacademy.com\/es\/wp-json\/wp\/v2\/media?parent=5230"}],"wp:term":[{"taxonomy":"category","embeddable":true,"href":"https:\/\/airpullaviationacademy.com\/es\/wp-json\/wp\/v2\/categories?post=5230"},{"taxonomy":"post_tag","embeddable":true,"href":"https:\/\/airpullaviationacademy.com\/es\/wp-json\/wp\/v2\/tags?post=5230"}],"curies":[{"name":"wp","href":"https:\/\/api.w.org\/{rel}","templated":true}]}}